{"id":12786,"date":"2017-03-02T23:33:42","date_gmt":"2017-03-03T02:33:42","guid":{"rendered":"https:\/\/www.anamt.org.br\/portal\/?p=12786"},"modified":"2017-03-04T16:17:52","modified_gmt":"2017-03-04T19:17:52","slug":"resolucao-n-o-469-de-10-de-julho-de-2015","status":"publish","type":"post","link":"https:\/\/www.anamt.org.br\/portal\/2017\/03\/02\/resolucao-n-o-469-de-10-de-julho-de-2015\/","title":{"rendered":"Resolu\u00e7\u00e3o N.\u00ba 469, de 10 de julho de 2015"},"content":{"rendered":"<p><a href=\"http:\/\/www.anamt.org.br\/site\/upload_arquivos\/legislacao_2015_247201511431533424.pdf\">Resolu\u00e7\u00e3o N.\u00ba 469, de 10 de julho de 2015<\/a> &#8211; Disp\u00f5e sobre a compet\u00eancia do fonoaudi\u00f3logo para implantar, monitorar, assessorar, supervisionar e coordenar o Programa de Preven\u00e7\u00e3o de Perdas Auditivas<\/p>\n","protected":false},"excerpt":{"rendered":"<p>Resolu\u00e7\u00e3o N.\u00ba 469, de 10 de julho de 2015 &#8211; Disp\u00f5e sobre a compet\u00eancia do fonoaudi\u00f3logo para implantar, monitorar, assessorar, supervisionar e coordenar o Programa de Preven\u00e7\u00e3o de Perdas Auditivas<\/p>\n","protected":false},"author":1,"featured_media":0,"comment_status":"closed","ping_status":"closed","sticky":false,"template":"","format":"standard","meta":{"footnotes":""},"categories":[115],"tags":[],"_links":{"self":[{"href":"https:\/\/www.anamt.org.br\/portal\/wp-json\/wp\/v2\/posts\/12786"}],"collection":[{"href":"https:\/\/www.anamt.org.br\/portal\/wp-json\/wp\/v2\/posts"}],"about":[{"href":"https:\/\/www.anamt.org.br\/portal\/wp-json\/wp\/v2\/types\/post"}],"author":[{"embeddable":true,"href":"https:\/\/www.anamt.org.br\/portal\/wp-json\/wp\/v2\/users\/1"}],"replies":[{"embeddable":true,"href":"https:\/\/www.anamt.org.br\/portal\/wp-json\/wp\/v2\/comments?post=12786"}],"version-history":[{"count":0,"href":"https:\/\/www.anamt.org.br\/portal\/wp-json\/wp\/v2\/posts\/12786\/revisions"}],"wp:attachment":[{"href":"https:\/\/www.anamt.org.br\/portal\/wp-json\/wp\/v2\/media?parent=12786"}],"wp:term":[{"taxonomy":"category","embeddable":true,"href":"https:\/\/www.anamt.org.br\/portal\/wp-json\/wp\/v2\/categories?post=12786"},{"taxonomy":"post_tag","embeddable":true,"href":"https:\/\/www.anamt.org.br\/portal\/wp-json\/wp\/v2\/tags?post=12786"}],"curies":[{"name":"wp","href":"https:\/\/api.w.org\/{rel}","templated":true}]}}