{"id":12772,"date":"2017-03-02T23:29:53","date_gmt":"2017-03-03T02:29:53","guid":{"rendered":"https:\/\/www.anamt.org.br\/portal\/?p=12772"},"modified":"2017-03-04T16:17:51","modified_gmt":"2017-03-04T19:17:51","slug":"resolucao-comite-gestor-do-esocial-n-1-de-20-de-fevereiro-de-2015","status":"publish","type":"post","link":"https:\/\/www.anamt.org.br\/portal\/2017\/03\/02\/resolucao-comite-gestor-do-esocial-n-1-de-20-de-fevereiro-de-2015\/","title":{"rendered":"Resolu\u00e7\u00e3o Comit\u00ea Gestor do eSocial N\u00b0 1, de 20 de fevereiro de 2015"},"content":{"rendered":"<p><a href=\"http:\/\/www.anamt.org.br\/site\/upload_arquivos\/legislacao_2015_2422015101447055475.pdf\">Resolu\u00e7\u00e3o Comit\u00ea Gestor do eSocial N\u00b0 1, de 20 de fevereiro de 2015<\/a> &#8211; Disp\u00f5e sobre o Sistema de Escritura\u00e7\u00e3o Digital das Obriga\u00e7\u00f5es Fiscais, Previdenci\u00e1rias e Trabalhistas (eSocial).<\/p>\n","protected":false},"excerpt":{"rendered":"<p>Resolu\u00e7\u00e3o Comit\u00ea Gestor do eSocial N\u00b0 1, de 20 de fevereiro de 2015 &#8211; Disp\u00f5e sobre o Sistema de Escritura\u00e7\u00e3o Digital das Obriga\u00e7\u00f5es Fiscais, Previdenci\u00e1rias e Trabalhistas (eSocial).<\/p>\n","protected":false},"author":1,"featured_media":0,"comment_status":"closed","ping_status":"closed","sticky":false,"template":"","format":"standard","meta":{"footnotes":""},"categories":[115],"tags":[],"_links":{"self":[{"href":"https:\/\/www.anamt.org.br\/portal\/wp-json\/wp\/v2\/posts\/12772"}],"collection":[{"href":"https:\/\/www.anamt.org.br\/portal\/wp-json\/wp\/v2\/posts"}],"about":[{"href":"https:\/\/www.anamt.org.br\/portal\/wp-json\/wp\/v2\/types\/post"}],"author":[{"embeddable":true,"href":"https:\/\/www.anamt.org.br\/portal\/wp-json\/wp\/v2\/users\/1"}],"replies":[{"embeddable":true,"href":"https:\/\/www.anamt.org.br\/portal\/wp-json\/wp\/v2\/comments?post=12772"}],"version-history":[{"count":0,"href":"https:\/\/www.anamt.org.br\/portal\/wp-json\/wp\/v2\/posts\/12772\/revisions"}],"wp:attachment":[{"href":"https:\/\/www.anamt.org.br\/portal\/wp-json\/wp\/v2\/media?parent=12772"}],"wp:term":[{"taxonomy":"category","embeddable":true,"href":"https:\/\/www.anamt.org.br\/portal\/wp-json\/wp\/v2\/categories?post=12772"},{"taxonomy":"post_tag","embeddable":true,"href":"https:\/\/www.anamt.org.br\/portal\/wp-json\/wp\/v2\/tags?post=12772"}],"curies":[{"name":"wp","href":"https:\/\/api.w.org\/{rel}","templated":true}]}}