{"id":11328,"date":"2017-02-06T17:03:01","date_gmt":"2017-02-06T19:03:01","guid":{"rendered":"https:\/\/www.anamt.org.br\/portal\/?p=11328"},"modified":"2017-02-06T17:09:53","modified_gmt":"2017-02-06T19:09:53","slug":"xlii-prova-de-titulo-de-especialista-em-medicina-do-trabalho-edital-e-divulgado","status":"publish","type":"post","link":"https:\/\/www.anamt.org.br\/portal\/2017\/02\/06\/xlii-prova-de-titulo-de-especialista-em-medicina-do-trabalho-edital-e-divulgado\/","title":{"rendered":"XLII Prova de T\u00edtulo de Especialista em Medicina do Trabalho: edital \u00e9 divulgado"},"content":{"rendered":"<p><img decoding=\"async\" class=\"size-full wp-image-11331 alignleft\" src=\"https:\/\/www.anamt.org.br\/portal\/wp-content\/uploads\/2017\/02\/mat_foto_interna_prova_titulo_400-1.jpg\" alt=\"Prova de t\u00edtulo Anamt\" width=\"400\" height=\"266\" srcset=\"https:\/\/www.anamt.org.br\/portal\/wp-content\/uploads\/2017\/02\/mat_foto_interna_prova_titulo_400-1-200x133.jpg 200w, https:\/\/www.anamt.org.br\/portal\/wp-content\/uploads\/2017\/02\/mat_foto_interna_prova_titulo_400-1-300x200.jpg 300w, https:\/\/www.anamt.org.br\/portal\/wp-content\/uploads\/2017\/02\/mat_foto_interna_prova_titulo_400-1.jpg 400w\" sizes=\"(max-width: 400px) 100vw, 400px\" \/>A ANAMT publicou nesta segunda-feira (30) o edital da XLII Prova de T\u00edtulo de Especialista em Medicina do Trabalho. O exame ser\u00e1 realizado em Gramado (RS) no dia 6 de maio, na Funda\u00e7\u00e3o de Apoio da Universidade Federal do Rio Grande do Sul.<\/p>\n<p>As inscri\u00e7\u00f5es ser\u00e3o disponibilizadas a partir de 6 de fevereiro, conforme consta no\u00a0edital. Al\u00e9m desse documento, outras informa\u00e7\u00f5es tamb\u00e9m constam no\u00a0<a href=\"http:\/\/www.anamt.org.br\/site\/upload_arquivos\/arquivos_diversos_3012017122597055475.pdf\">Anexo\u00a0(Curriculum Vitae Padr\u00e3o)<\/a>.<\/p>\n","protected":false},"excerpt":{"rendered":"<p>A ANAMT publicou nesta segunda-feira (30) o edital da XLII Prova de T\u00edtulo de Especialista em Medicina do Trabalho. O exame ser\u00e1 realizado em Gramado (RS) no dia 6 de maio, na Funda\u00e7\u00e3o de Apoio da Universidade Federal do Rio Grande do Sul. As inscri\u00e7\u00f5es ser\u00e3o disponibilizadas a partir de 6 de fevereiro, conforme consta [&hellip;]<\/p>\n","protected":false},"author":1,"featured_media":11330,"comment_status":"open","ping_status":"open","sticky":false,"template":"","format":"standard","meta":{"footnotes":""},"categories":[83,88],"tags":[],"_links":{"self":[{"href":"https:\/\/www.anamt.org.br\/portal\/wp-json\/wp\/v2\/posts\/11328"}],"collection":[{"href":"https:\/\/www.anamt.org.br\/portal\/wp-json\/wp\/v2\/posts"}],"about":[{"href":"https:\/\/www.anamt.org.br\/portal\/wp-json\/wp\/v2\/types\/post"}],"author":[{"embeddable":true,"href":"https:\/\/www.anamt.org.br\/portal\/wp-json\/wp\/v2\/users\/1"}],"replies":[{"embeddable":true,"href":"https:\/\/www.anamt.org.br\/portal\/wp-json\/wp\/v2\/comments?post=11328"}],"version-history":[{"count":0,"href":"https:\/\/www.anamt.org.br\/portal\/wp-json\/wp\/v2\/posts\/11328\/revisions"}],"wp:featuredmedia":[{"embeddable":true,"href":"https:\/\/www.anamt.org.br\/portal\/wp-json\/wp\/v2\/media\/11330"}],"wp:attachment":[{"href":"https:\/\/www.anamt.org.br\/portal\/wp-json\/wp\/v2\/media?parent=11328"}],"wp:term":[{"taxonomy":"category","embeddable":true,"href":"https:\/\/www.anamt.org.br\/portal\/wp-json\/wp\/v2\/categories?post=11328"},{"taxonomy":"post_tag","embeddable":true,"href":"https:\/\/www.anamt.org.br\/portal\/wp-json\/wp\/v2\/tags?post=11328"}],"curies":[{"name":"wp","href":"https:\/\/api.w.org\/{rel}","templated":true}]}}