{"id":1126,"date":"2012-08-02T11:44:03","date_gmt":"2012-08-02T14:44:03","guid":{"rendered":"https:\/\/www.anamt.org.br\/portal\/2012\/08\/02\/conheca-os-males-do-trabalho-noturno\/"},"modified":"2012-08-02T11:44:03","modified_gmt":"2012-08-02T14:44:03","slug":"conheca-os-males-do-trabalho-noturno","status":"publish","type":"post","link":"https:\/\/www.anamt.org.br\/portal\/2012\/08\/02\/conheca-os-males-do-trabalho-noturno\/","title":{"rendered":"Conhe\u00e7a os males do trabalho noturno"},"content":{"rendered":"<p>Seja por h\u00e1bito ou por exig\u00eancia da profiss\u00e3o, muitas pessoas literalmente trocam o dia pela noite. O que muitas delas n\u00e3o sabem \u00e9 que isso pode resultar em problemas de sa\u00fade que v\u00e3o desde cansa\u00e7o f\u00edsico, passando por complica\u00e7\u00f5es no est\u00f4mago, at\u00e9 transtornos graves de humor. <\/p>\n<p>&#8220;O ato de dormir est\u00e1 relacionado com o per\u00edodo escuro. Trocar a ordem dia\/noite pode trazer dist\u00farbios f\u00edsicos, mentais e sociais&#8221;, alerta Marcelo Jorge de Souza Andrade, especialista em medicina do sono.<\/p>\n<p>O m\u00e9dico explica que o organismo realiza uma esp\u00e9cie de ritual para se preparar para o sono. Enquanto a temperatura corporal e a frequ\u00eancia dos batimentos card\u00edacos diminuem, h\u00e1 um aumento na produ\u00e7\u00e3o de melatonina &#8211; horm\u00f4nio que provoca a sensa\u00e7\u00e3o de sonol\u00eancia. Como a luz do dia interfere  nestes processos, o profissional que atua \u00e0 noite pode ter dificuldades para descansar quando completa seu turno de trabalho.<\/p>\n<p>&#8220;Ao incidir sobre a retina, a luz do dia leva est\u00edmulos nervosos \u00e0 gl\u00e2ndula pineal, inibindo a produ\u00e7\u00e3o de melatonina. Ao sair do trabalho pela manh\u00e3, as pessoas, muitas vezes, tomam sol durante o trajeto de volta para casa. Por conta disso, elas n\u00e3o conseguem dormir direito no restante do dia&#8221;, diz o especialista.<\/p>\n<p>O neurologista Rog\u00e9rio Ayres de Oliveira tamb\u00e9m faz um alerta: &#8220;Dentre os problemas que essa priva\u00e7\u00e3o do sono pode causar est\u00e3o a fadiga, a perda de concentra\u00e7\u00e3o e a predisposi\u00e7\u00e3o para transtornos de humor, como ansiedade e depress\u00e3o&#8221;.<\/p>\n<p>O fato de a pessoa  &#8220;funcionar&#8221; em um ritmo diferente dos demais pode fazer com que ela perca o contato com amigos e fam\u00edlia &#8211; o que aumenta os riscos de depress\u00e3o. Al\u00e9m disso, segundo Marcelo, o trabalhador que atua na madrugada tem  mais chance de se divorciar.<br \/>boa alimenta\u00e7\u00e3o\/Gastrite, doen\u00e7a do refluxo e \u00falcera s\u00e3o outras complica\u00e7\u00f5es que frequentemente acometem esse tipo de profissional. Isso acontece porque os hor\u00e1rios das refei\u00e7\u00f5es ficam desregulados e ele passa a consumir alimentos pouco nutritivos.<\/p>\n<p>&#8220;Eu tive um princ\u00edpio de gastrite, pois comia muita besteira. S\u00f3 fui melhorar quando me mudaram para o per\u00edodo da manh\u00e3&#8221;, conta a jornalista Patr\u00edcia Vergara, que trabalhou por tr\u00eas meses no turno da madrugada (da 0h \u00e0s 7h).<\/p>\n<p>Se voc\u00ea trabalha \u00e0 noite e n\u00e3o tem como mudar de hor\u00e1rio, confira no quadro abaixo algumas dicas simples para preservar a sua sa\u00fade e n\u00e3o perder, literalmente, o sono.<\/p>\n","protected":false},"excerpt":{"rendered":"<p>Seja por h\u00e1bito ou por exig\u00eancia da profiss\u00e3o, muitas pessoas literalmente trocam o dia pela noite. O que muitas delas n\u00e3o sabem \u00e9 que isso pode resultar em problemas de sa\u00fade que v\u00e3o desde cansa\u00e7o f\u00edsico, passando por complica\u00e7\u00f5es no est\u00f4mago, at\u00e9 transtornos graves de humor.<\/p>\n","protected":false},"author":1,"featured_media":0,"comment_status":"closed","ping_status":"closed","sticky":false,"template":"","format":"standard","meta":{"footnotes":""},"categories":[8],"tags":[],"_links":{"self":[{"href":"https:\/\/www.anamt.org.br\/portal\/wp-json\/wp\/v2\/posts\/1126"}],"collection":[{"href":"https:\/\/www.anamt.org.br\/portal\/wp-json\/wp\/v2\/posts"}],"about":[{"href":"https:\/\/www.anamt.org.br\/portal\/wp-json\/wp\/v2\/types\/post"}],"author":[{"embeddable":true,"href":"https:\/\/www.anamt.org.br\/portal\/wp-json\/wp\/v2\/users\/1"}],"replies":[{"embeddable":true,"href":"https:\/\/www.anamt.org.br\/portal\/wp-json\/wp\/v2\/comments?post=1126"}],"version-history":[{"count":0,"href":"https:\/\/www.anamt.org.br\/portal\/wp-json\/wp\/v2\/posts\/1126\/revisions"}],"wp:attachment":[{"href":"https:\/\/www.anamt.org.br\/portal\/wp-json\/wp\/v2\/media?parent=1126"}],"wp:term":[{"taxonomy":"category","embeddable":true,"href":"https:\/\/www.anamt.org.br\/portal\/wp-json\/wp\/v2\/categories?post=1126"},{"taxonomy":"post_tag","embeddable":true,"href":"https:\/\/www.anamt.org.br\/portal\/wp-json\/wp\/v2\/tags?post=1126"}],"curies":[{"name":"wp","href":"https:\/\/api.w.org\/{rel}","templated":true}]}}